{"id":89520,"date":"2023-12-18T09:49:36","date_gmt":"2023-12-18T09:49:36","guid":{"rendered":"https:\/\/www.mumnet.com\/?p=89520"},"modified":"2024-05-07T07:48:41","modified_gmt":"2024-05-07T07:48:41","slug":"militzer-muench-a-new-national-subsidiary-in-vietnam","status":"publish","type":"post","link":"https:\/\/www.mumnet.uz\/en\/militzer-muench-a-new-national-subsidiary-in-vietnam\/","title":{"rendered":"A new national subsidiary in Vietnam"},"content":{"rendered":"<p>St. Gallen, December 18, 2023. Logistics company Militzer &amp; M\u00fcnch is growing in Asia: M&amp;M Militzer &amp; M\u00fcnch Vietnam Co. Ltd. starts operations today. The new country unit offers the full range of Militzer &amp; M\u00fcnch services, with a special focus on air and sea transports.<\/p>\n<p>The Militzer &amp; M\u00fcnch Group is pursuing a growth strategy in the Asia \/ Far East \/ Oceania region. Most recently, a new company was founded in New Zealand in 2022. After M&amp;M China, M&amp;M Malaysia, M&amp;M Sri Lanka and M&amp;M New Zealand, M&amp;M Vietnam is now the fifth national subsidiary in the region. It is located in Ho Chi Minh City. The 9 million-strong metropolis on the South China Sea is both the economic center of the country and an important transport hub for Southeast Asia.<\/p>\n<p>Significant development opportunities<br \/>\nMilitzer &amp; M\u00fcnch focuses on promising markets in the region and considers the location to have great potential for further growth: &#8220;Within a few years, Vietnam has developed from one of the world&#8217;s poorest nations to a middle-income country&#8221;, says Andreas L\u00f6wenstein, Regional Managing Director Asia \/ Far East at Militzer &amp; M\u00fcnch. &#8220;We therefore see good opportunities for successful development while at the same time strengthening our network in the region with the new country unit.&#8221;<\/p>\n<p>Militzer &amp; M\u00fcnch Vietnam will serve many different industries in import as well as in export. A large part of the transport volume will be generated by sea and air transportation. Peter Sch\u00fcpbach, who previously held various management positions, is heading the new subsidiary.<\/p>\n","protected":false},"excerpt":{"rendered":"<p>St. Gallen, December 18, 2023. Logistics company Militzer &amp; M\u00fcnch is growing in Asia: M&amp;M Militzer &amp; M\u00fcnch Vietnam Co. Ltd. starts operations today. The new country unit offers the full range of Militzer &amp; M\u00fcnch services, with a special focus on air and sea transports. The Militzer &amp; M\u00fcnch Group is pursuing a growth [&hellip;]<\/p>\n","protected":false},"author":31,"featured_media":89521,"comment_status":"closed","ping_status":"closed","sticky":false,"template":"","format":"standard","meta":{"_acf_changed":false,"footnotes":"","_links_to":"","_links_to_target":""},"categories":[239],"tags":[],"class_list":["post-89520","post","type-post","status-publish","format-standard","has-post-thumbnail","hentry","category-countries"],"acf":[],"_links":{"self":[{"href":"https:\/\/www.mumnet.uz\/en\/wp-json\/wp\/v2\/posts\/89520","targetHints":{"allow":["GET"]}}],"collection":[{"href":"https:\/\/www.mumnet.uz\/en\/wp-json\/wp\/v2\/posts"}],"about":[{"href":"https:\/\/www.mumnet.uz\/en\/wp-json\/wp\/v2\/types\/post"}],"author":[{"embeddable":true,"href":"https:\/\/www.mumnet.uz\/en\/wp-json\/wp\/v2\/users\/31"}],"replies":[{"embeddable":true,"href":"https:\/\/www.mumnet.uz\/en\/wp-json\/wp\/v2\/comments?post=89520"}],"version-history":[{"count":2,"href":"https:\/\/www.mumnet.uz\/en\/wp-json\/wp\/v2\/posts\/89520\/revisions"}],"predecessor-version":[{"id":94124,"href":"https:\/\/www.mumnet.uz\/en\/wp-json\/wp\/v2\/posts\/89520\/revisions\/94124"}],"wp:featuredmedia":[{"embeddable":true,"href":"https:\/\/www.mumnet.uz\/en\/wp-json\/wp\/v2\/media\/89521"}],"wp:attachment":[{"href":"https:\/\/www.mumnet.uz\/en\/wp-json\/wp\/v2\/media?parent=89520"}],"wp:term":[{"taxonomy":"category","embeddable":true,"href":"https:\/\/www.mumnet.uz\/en\/wp-json\/wp\/v2\/categories?post=89520"},{"taxonomy":"post_tag","embeddable":true,"href":"https:\/\/www.mumnet.uz\/en\/wp-json\/wp\/v2\/tags?post=89520"}],"curies":[{"name":"wp","href":"https:\/\/api.w.org\/{rel}","templated":true}]}}